{"id":230,"date":"2023-09-27T01:18:00","date_gmt":"2023-09-26T23:18:00","guid":{"rendered":"http:\/\/asomistelbach.ac.at\/asomi\/?p=230"},"modified":"2023-11-26T20:50:40","modified_gmt":"2023-11-26T19:50:40","slug":"tag-der-lehre-27-9-2023","status":"publish","type":"post","link":"https:\/\/asomistelbach.ac.at\/asomi\/2023\/09\/27\/tag-der-lehre-27-9-2023\/","title":{"rendered":"Tag der Lehre"},"content":{"rendered":"\n<figure class=\"wp-block-image size-large\"><img loading=\"lazy\" decoding=\"async\" width=\"1024\" height=\"768\" src=\"https:\/\/asomistelbach.ac.at\/asomi\/wp-content\/uploads\/2019\/07\/20230927_105119-1024x768.jpg\" alt=\"\" class=\"wp-image-412\" srcset=\"https:\/\/asomistelbach.ac.at\/asomi\/wp-content\/uploads\/2019\/07\/20230927_105119-1024x768.jpg 1024w, https:\/\/asomistelbach.ac.at\/asomi\/wp-content\/uploads\/2019\/07\/20230927_105119-300x225.jpg 300w, https:\/\/asomistelbach.ac.at\/asomi\/wp-content\/uploads\/2019\/07\/20230927_105119-768x576.jpg 768w, https:\/\/asomistelbach.ac.at\/asomi\/wp-content\/uploads\/2019\/07\/20230927_105119-1536x1152.jpg 1536w, https:\/\/asomistelbach.ac.at\/asomi\/wp-content\/uploads\/2019\/07\/20230927_105119-2048x1536.jpg 2048w\" sizes=\"auto, (max-width: 1024px) 100vw, 1024px\" \/><\/figure>\n\n\n\n<p>Am 27. 9. 2023 stellten sich zahlreiche Mistelbacher Betriebe bei zuk\u00fcnftigen Lehrlingen vor \u2013 aber nicht auf einer Lehrlingsmesse, sondern direkt in den Betrieben.<\/p>\n\n\n\n<p>Nach reiflicher \u00dcberlegung und Diskussion mit den Sch\u00fclern besuchte die <strong>Klasse 1 B<\/strong> mit ihren Lehrerinnen <strong>He\u00df<\/strong> Barbara und<strong> Scheuch<\/strong> Patricia im Rahmen des Unterrichtsfachs \u201eBerufsorientierung\u201c die Firmen Pittel &amp; Brausewetter sowie das Raiffeisen Lagerhaus.<\/p>\n\n\n\n<p>Dabei konnten wir Fragen nach den m\u00f6glichen Ausbildungswegen genauso stellen wie nach der Berufschule und dem Verdienst.<\/p>\n\n\n\n<p>Auch praktisch durften wir uns dem Bereich \u201eTiefbau\u201c(P&amp;B) n\u00e4hern.<\/p>\n\n\n\n<p>Beim Arbeiten mit dem L\u00f6ffelbagger, Pflastern und Kabel einziehen zeigten manche nicht nur Interesse, sondern auch durchaus Geschick.<\/p>\n\n\n\n<p>Ein Lehrling des RLH erm\u00f6glichte uns auch einen Einblick in die Arbeit des Landmaschinentechnikers und konnte viel Wissenswertes \u00fcber seine Lehrstelle erz\u00e4hlen.<\/p>\n\n\n\n<p>Versorgt mit wichtigen Kontaktdaten und einigem Informationsmaterial kehrten wir in die Schule zur\u00fcck.<\/p>\n\n\n\n<figure class=\"wp-block-gallery has-nested-images columns-default is-cropped wp-block-gallery-1 is-layout-flex wp-block-gallery-is-layout-flex\">\n<figure class=\"wp-block-image size-large\"><img loading=\"lazy\" decoding=\"async\" width=\"768\" height=\"1024\" data-id=\"413\" src=\"https:\/\/asomistelbach.ac.at\/asomi\/wp-content\/uploads\/2019\/07\/20230927_105510-768x1024.jpg\" alt=\"\" class=\"wp-image-413\" srcset=\"https:\/\/asomistelbach.ac.at\/asomi\/wp-content\/uploads\/2019\/07\/20230927_105510-768x1024.jpg 768w, https:\/\/asomistelbach.ac.at\/asomi\/wp-content\/uploads\/2019\/07\/20230927_105510-225x300.jpg 225w, https:\/\/asomistelbach.ac.at\/asomi\/wp-content\/uploads\/2019\/07\/20230927_105510-1152x1536.jpg 1152w, https:\/\/asomistelbach.ac.at\/asomi\/wp-content\/uploads\/2019\/07\/20230927_105510-1536x2048.jpg 1536w, https:\/\/asomistelbach.ac.at\/asomi\/wp-content\/uploads\/2019\/07\/20230927_105510-scaled.jpg 1920w\" sizes=\"auto, (max-width: 768px) 100vw, 768px\" \/><\/figure>\n\n\n\n<figure class=\"wp-block-image size-large\"><img loading=\"lazy\" decoding=\"async\" width=\"1024\" height=\"768\" data-id=\"414\" src=\"https:\/\/asomistelbach.ac.at\/asomi\/wp-content\/uploads\/2019\/07\/20230927_110201-1024x768.jpg\" alt=\"\" class=\"wp-image-414\" srcset=\"https:\/\/asomistelbach.ac.at\/asomi\/wp-content\/uploads\/2019\/07\/20230927_110201-1024x768.jpg 1024w, https:\/\/asomistelbach.ac.at\/asomi\/wp-content\/uploads\/2019\/07\/20230927_110201-300x225.jpg 300w, https:\/\/asomistelbach.ac.at\/asomi\/wp-content\/uploads\/2019\/07\/20230927_110201-768x576.jpg 768w, https:\/\/asomistelbach.ac.at\/asomi\/wp-content\/uploads\/2019\/07\/20230927_110201-1536x1152.jpg 1536w, https:\/\/asomistelbach.ac.at\/asomi\/wp-content\/uploads\/2019\/07\/20230927_110201-2048x1536.jpg 2048w\" sizes=\"auto, (max-width: 1024px) 100vw, 1024px\" \/><\/figure>\n\n\n\n<figure class=\"wp-block-image size-large\"><img loading=\"lazy\" decoding=\"async\" width=\"1024\" height=\"768\" data-id=\"415\" src=\"https:\/\/asomistelbach.ac.at\/asomi\/wp-content\/uploads\/2019\/07\/20230927_110154-1024x768.jpg\" alt=\"\" class=\"wp-image-415\" srcset=\"https:\/\/asomistelbach.ac.at\/asomi\/wp-content\/uploads\/2019\/07\/20230927_110154-1024x768.jpg 1024w, https:\/\/asomistelbach.ac.at\/asomi\/wp-content\/uploads\/2019\/07\/20230927_110154-300x225.jpg 300w, https:\/\/asomistelbach.ac.at\/asomi\/wp-content\/uploads\/2019\/07\/20230927_110154-768x576.jpg 768w, https:\/\/asomistelbach.ac.at\/asomi\/wp-content\/uploads\/2019\/07\/20230927_110154-1536x1152.jpg 1536w, https:\/\/asomistelbach.ac.at\/asomi\/wp-content\/uploads\/2019\/07\/20230927_110154-2048x1536.jpg 2048w\" sizes=\"auto, (max-width: 1024px) 100vw, 1024px\" \/><\/figure>\n<\/figure>\n","protected":false},"excerpt":{"rendered":"<p>mit Pittel &#038; Brausewetter und Raiffeisen Lagerhaus<\/p>\n","protected":false},"author":1,"featured_media":412,"comment_status":"open","ping_status":"open","sticky":false,"template":"","format":"standard","meta":{"footnotes":""},"categories":[3],"tags":[],"class_list":["post-230","post","type-post","status-publish","format-standard","has-post-thumbnail","hentry","category-news","latest_post"],"_links":{"self":[{"href":"https:\/\/asomistelbach.ac.at\/asomi\/wp-json\/wp\/v2\/posts\/230","targetHints":{"allow":["GET"]}}],"collection":[{"href":"https:\/\/asomistelbach.ac.at\/asomi\/wp-json\/wp\/v2\/posts"}],"about":[{"href":"https:\/\/asomistelbach.ac.at\/asomi\/wp-json\/wp\/v2\/types\/post"}],"author":[{"embeddable":true,"href":"https:\/\/asomistelbach.ac.at\/asomi\/wp-json\/wp\/v2\/users\/1"}],"replies":[{"embeddable":true,"href":"https:\/\/asomistelbach.ac.at\/asomi\/wp-json\/wp\/v2\/comments?post=230"}],"version-history":[{"count":4,"href":"https:\/\/asomistelbach.ac.at\/asomi\/wp-json\/wp\/v2\/posts\/230\/revisions"}],"predecessor-version":[{"id":475,"href":"https:\/\/asomistelbach.ac.at\/asomi\/wp-json\/wp\/v2\/posts\/230\/revisions\/475"}],"wp:featuredmedia":[{"embeddable":true,"href":"https:\/\/asomistelbach.ac.at\/asomi\/wp-json\/wp\/v2\/media\/412"}],"wp:attachment":[{"href":"https:\/\/asomistelbach.ac.at\/asomi\/wp-json\/wp\/v2\/media?parent=230"}],"wp:term":[{"taxonomy":"category","embeddable":true,"href":"https:\/\/asomistelbach.ac.at\/asomi\/wp-json\/wp\/v2\/categories?post=230"},{"taxonomy":"post_tag","embeddable":true,"href":"https:\/\/asomistelbach.ac.at\/asomi\/wp-json\/wp\/v2\/tags?post=230"}],"curies":[{"name":"wp","href":"https:\/\/api.w.org\/{rel}","templated":true}]}}