{"id":506,"date":"2023-12-21T12:44:00","date_gmt":"2023-12-21T11:44:00","guid":{"rendered":"https:\/\/asomistelbach.ac.at\/asomi\/?p=506"},"modified":"2024-01-14T21:45:15","modified_gmt":"2024-01-14T20:45:15","slug":"krippenspiel-im-borg","status":"publish","type":"post","link":"https:\/\/asomistelbach.ac.at\/asomi\/2023\/12\/21\/krippenspiel-im-borg\/","title":{"rendered":"Krippenspiel im BORG"},"content":{"rendered":"\n<figure class=\"wp-block-image size-full\"><img loading=\"lazy\" decoding=\"async\" width=\"652\" height=\"454\" src=\"https:\/\/asomistelbach.ac.at\/asomi\/wp-content\/uploads\/2024\/01\/Bild1.jpg\" alt=\"\" class=\"wp-image-507\" srcset=\"https:\/\/asomistelbach.ac.at\/asomi\/wp-content\/uploads\/2024\/01\/Bild1.jpg 652w, https:\/\/asomistelbach.ac.at\/asomi\/wp-content\/uploads\/2024\/01\/Bild1-300x209.jpg 300w\" sizes=\"auto, (max-width: 652px) 100vw, 652px\" \/><\/figure>\n\n\n\n<p>In der vorweihnachtlichen Atmosph\u00e4re \u00f6ffnete das BORG Mistelbach schon wie die Jahre zuvor seine T\u00fcren f\u00fcr ein besonderes Ereignis: Die 6A Klasse unter der Leitung von Fr. Mag. Graf-Sommer lud die Kinder der Klassen 1C und 1D der Sonderschule Mistelbach zu einem herzlichen Krippenspiel ein.<\/p>\n\n\n\n<p>Die Kinder wurden nicht nur zum Zuschauen eingeladen, sondern durften aktiv am Spielen und Musizieren teilnehmen. In kunterbunten Kost\u00fcmen tauchten sie in die festliche Geschichte ein und verbreiteten dabei jede Menge Freude und Begeisterung.<\/p>\n\n\n\n<p>Die Veranstaltung wurde zu einem unvergesslichen Erlebnis, das nicht nur die kleinen Akteure, sondern auch die Lehrerinnen und die gesamte 6. Klasse des BORG Mistelbach tief ber\u00fchrte. Die gemeinsame Zeit schwei\u00dfte die Kinder zusammen und sorgte f\u00fcr eine herzliche Atmosph\u00e4re.<\/p>\n\n\n\n<p>Zur St\u00e4rkung gab es f\u00fcr alle Wurst- und K\u00e4sesemmeln, die f\u00fcr strahlende Gesichter sorgten. Die gro\u00dfz\u00fcgige Geste der Gastgeber, die Kinder der Allgemeinen Sonderschule einzuladen wurde auch dieses Jahr mit gro\u00dfem Vergn\u00fcgen angenommen!<\/p>\n\n\n\n<p>Als bleibende Erinnerung wurde ein Gruppenfoto mit Direktorin HR Mag. Isabella Zins und allen Teilnehmenden gemacht. Ein Bild, das nicht nur die festliche Stimmung einfing, sondern auch die Werte von Gemeinschaft und Inklusion zelebrierte.<\/p>\n\n\n\n<p>Dieses gemeinsame Projekt beweist damit erneut, dass Weihnachten nicht nur eine Zeit des Schenkens, sondern vor allem des Miteinanders ist. Durch solche Initiativen wird nicht nur Wissen vermittelt, sondern auch ein Gef\u00fchl von Gemeinschaft und F\u00fcrsorge gef\u00f6rdert.<\/p>\n","protected":false},"excerpt":{"rendered":"<p>Die 6.Klasse des BORG Mistelbach lud die Sonderschule zum weihnachtlichen Krippenspiel ein.<\/p>\n","protected":false},"author":1,"featured_media":507,"comment_status":"closed","ping_status":"closed","sticky":false,"template":"","format":"standard","meta":{"footnotes":""},"categories":[1,3],"tags":[],"class_list":["post-506","post","type-post","status-publish","format-standard","has-post-thumbnail","hentry","category-allgemein","category-news","latest_post"],"_links":{"self":[{"href":"https:\/\/asomistelbach.ac.at\/asomi\/wp-json\/wp\/v2\/posts\/506","targetHints":{"allow":["GET"]}}],"collection":[{"href":"https:\/\/asomistelbach.ac.at\/asomi\/wp-json\/wp\/v2\/posts"}],"about":[{"href":"https:\/\/asomistelbach.ac.at\/asomi\/wp-json\/wp\/v2\/types\/post"}],"author":[{"embeddable":true,"href":"https:\/\/asomistelbach.ac.at\/asomi\/wp-json\/wp\/v2\/users\/1"}],"replies":[{"embeddable":true,"href":"https:\/\/asomistelbach.ac.at\/asomi\/wp-json\/wp\/v2\/comments?post=506"}],"version-history":[{"count":1,"href":"https:\/\/asomistelbach.ac.at\/asomi\/wp-json\/wp\/v2\/posts\/506\/revisions"}],"predecessor-version":[{"id":508,"href":"https:\/\/asomistelbach.ac.at\/asomi\/wp-json\/wp\/v2\/posts\/506\/revisions\/508"}],"wp:featuredmedia":[{"embeddable":true,"href":"https:\/\/asomistelbach.ac.at\/asomi\/wp-json\/wp\/v2\/media\/507"}],"wp:attachment":[{"href":"https:\/\/asomistelbach.ac.at\/asomi\/wp-json\/wp\/v2\/media?parent=506"}],"wp:term":[{"taxonomy":"category","embeddable":true,"href":"https:\/\/asomistelbach.ac.at\/asomi\/wp-json\/wp\/v2\/categories?post=506"},{"taxonomy":"post_tag","embeddable":true,"href":"https:\/\/asomistelbach.ac.at\/asomi\/wp-json\/wp\/v2\/tags?post=506"}],"curies":[{"name":"wp","href":"https:\/\/api.w.org\/{rel}","templated":true}]}}