{"id":562,"date":"2023-10-02T12:00:00","date_gmt":"2023-10-02T10:00:00","guid":{"rendered":"https:\/\/asomistelbach.ac.at\/asomi\/?p=562"},"modified":"2024-06-03T12:10:43","modified_gmt":"2024-06-03T10:10:43","slug":"planetarium","status":"publish","type":"post","link":"https:\/\/asomistelbach.ac.at\/asomi\/2023\/10\/02\/planetarium\/","title":{"rendered":"Planetarium"},"content":{"rendered":"\n<p>Die 1E und 1F der ASO Mistelbach durften die das aufblasbare Planetarium der in der Volksschule Mistelbach besuchen.<\/p>\n\n\n\n<figure class=\"wp-block-image size-full\"><img loading=\"lazy\" decoding=\"async\" width=\"800\" height=\"600\" src=\"https:\/\/asomistelbach.ac.at\/asomi\/wp-content\/uploads\/2024\/06\/csm_VS_ASO_Planetarium_7c896364df.jpg\" alt=\"\" class=\"wp-image-563\" srcset=\"https:\/\/asomistelbach.ac.at\/asomi\/wp-content\/uploads\/2024\/06\/csm_VS_ASO_Planetarium_7c896364df.jpg 800w, https:\/\/asomistelbach.ac.at\/asomi\/wp-content\/uploads\/2024\/06\/csm_VS_ASO_Planetarium_7c896364df-300x225.jpg 300w, https:\/\/asomistelbach.ac.at\/asomi\/wp-content\/uploads\/2024\/06\/csm_VS_ASO_Planetarium_7c896364df-768x576.jpg 768w\" sizes=\"auto, (max-width: 800px) 100vw, 800px\" \/><\/figure>\n\n\n\n<p>Folgendes kann man unter &#8222;<a href=\"https:\/\/www.mistelbach.at\/politik-buergerservice\/presse\/news\/news-detail\/artikel\/ein-griff-nach-den-sternen-astronomie-zum-mitnehm\/\">Ein Griff nach den Sternen. Astronomie zum Mitnehmen \u2013 Mistelbach an der Zaya im Weinviertel<\/a>&#8220; nachlesen:<\/p>\n\n\n\n<p class=\"has-text-align-left\"><em>In der Aula der Volksschule Mistelbach wurde Anfang Oktober ein Mint-Edu-Projekt abgehalten, bei dem das Thema \u201eAstronomie\u201c im Mittelpunkt stand. Im Rahmen des Projekts \u201eAstronomy to go\u201c versuchen Studenten den Sch\u00fclerinnen und Sch\u00fclern mit einem mobilen, aufblasbaren Planetarium die Astronomie n\u00e4her zu bringen.<\/em><strong><br><\/strong><em>Ein Flug von einem Planeten zum anderen, das Eintauchen in die Milchstra\u00dfe, das Reisen in Saturns Ring aus Steinen, das Erkunden der Oberfl\u00e4che des Mondes, Sternbilder und vieles mehr faszinierten dabei die Kinder.<\/em><\/p>\n\n\n\n<p class=\"has-text-align-left\"><em>Da es sich um ein Mint-Edu-Projekt unter den beiden Schulen handelte, war es auch m\u00f6glich, dass zwei Klassen der Allgemeinen Sonderschule Mistelbach mit dabei waren und so schul\u00fcbergreifendes Lernen erm\u00f6glicht wurde.<\/em><\/p>\n\n\n\n<p class=\"has-text-align-left\"><em>Ein besonderer Dank gilt dem Elternverein der Volksschule Mistelbach unter ihrem Obmann Ing. Gernot Wiesinger f\u00fcr die finanzielle Unterst\u00fctzung des Projektes.<\/em><\/p>\n","protected":false},"excerpt":{"rendered":"<p>Besuch des aufblasbaren Planetariums in der Volksschule Mistelbach <\/p>\n","protected":false},"author":1,"featured_media":563,"comment_status":"closed","ping_status":"closed","sticky":false,"template":"","format":"standard","meta":{"footnotes":""},"categories":[1],"tags":[],"class_list":["post-562","post","type-post","status-publish","format-standard","has-post-thumbnail","hentry","category-allgemein","latest_post"],"_links":{"self":[{"href":"https:\/\/asomistelbach.ac.at\/asomi\/wp-json\/wp\/v2\/posts\/562","targetHints":{"allow":["GET"]}}],"collection":[{"href":"https:\/\/asomistelbach.ac.at\/asomi\/wp-json\/wp\/v2\/posts"}],"about":[{"href":"https:\/\/asomistelbach.ac.at\/asomi\/wp-json\/wp\/v2\/types\/post"}],"author":[{"embeddable":true,"href":"https:\/\/asomistelbach.ac.at\/asomi\/wp-json\/wp\/v2\/users\/1"}],"replies":[{"embeddable":true,"href":"https:\/\/asomistelbach.ac.at\/asomi\/wp-json\/wp\/v2\/comments?post=562"}],"version-history":[{"count":1,"href":"https:\/\/asomistelbach.ac.at\/asomi\/wp-json\/wp\/v2\/posts\/562\/revisions"}],"predecessor-version":[{"id":564,"href":"https:\/\/asomistelbach.ac.at\/asomi\/wp-json\/wp\/v2\/posts\/562\/revisions\/564"}],"wp:featuredmedia":[{"embeddable":true,"href":"https:\/\/asomistelbach.ac.at\/asomi\/wp-json\/wp\/v2\/media\/563"}],"wp:attachment":[{"href":"https:\/\/asomistelbach.ac.at\/asomi\/wp-json\/wp\/v2\/media?parent=562"}],"wp:term":[{"taxonomy":"category","embeddable":true,"href":"https:\/\/asomistelbach.ac.at\/asomi\/wp-json\/wp\/v2\/categories?post=562"},{"taxonomy":"post_tag","embeddable":true,"href":"https:\/\/asomistelbach.ac.at\/asomi\/wp-json\/wp\/v2\/tags?post=562"}],"curies":[{"name":"wp","href":"https:\/\/api.w.org\/{rel}","templated":true}]}}