{"id":644,"date":"2024-10-18T17:23:22","date_gmt":"2024-10-18T15:23:22","guid":{"rendered":"https:\/\/asomistelbach.ac.at\/asomi\/?p=644"},"modified":"2024-12-05T10:10:55","modified_gmt":"2024-12-05T09:10:55","slug":"exkursion-mamuz","status":"publish","type":"post","link":"https:\/\/asomistelbach.ac.at\/asomi\/2024\/10\/18\/exkursion-mamuz\/","title":{"rendered":"Exkursion MAMUZ"},"content":{"rendered":"\n<p>Da im Geschichtsunterricht flei\u00dfig \u00fcber die Urgeschichte gelernt wurde, unternahmen die 1A und 1B der ASO Mistelbach gemeinsam einen Ausflug ins MAMUZ Mistelbach. Somit schlossen wir das Thema mit einer Ausstellung ab, wo wir vieles wiederholen konnten und einiges Neues lernen durften. Die Kinder gestalten im Vorfeld Plakate zur Altsteinzeit, Jungsteinzeit, Bronzezeit und Eisenzeit.<\/p>\n\n\n\n<p>Bei sonnigem Wetter spazierten wir gemeinsam nach der gro\u00dfen Pause los und erreichten p\u00fcnktlich die Ausstellung. Wir bekamen eine F\u00fchrung und h\u00f6rten spannende Details zu Fundst\u00fccken. Sehr toll fanden wir die vergr\u00f6\u00dferten Repliken von den arch\u00e4ologischen Fundst\u00fccken. So konnten wir die Details noch genauer erkennen. Der ausgestellte Schmuck begeisterte alle Sch\u00fcler und Sch\u00fclerinnen. <\/p>\n\n\n\n<figure class=\"wp-block-image size-large is-resized\"><img loading=\"lazy\" decoding=\"async\" width=\"1024\" height=\"528\" src=\"https:\/\/asomistelbach.ac.at\/asomi\/wp-content\/uploads\/2024\/10\/IMG_8112-1-1024x528.jpg\" alt=\"\" class=\"wp-image-647\" style=\"width:839px;height:auto\" srcset=\"https:\/\/asomistelbach.ac.at\/asomi\/wp-content\/uploads\/2024\/10\/IMG_8112-1-1024x528.jpg 1024w, https:\/\/asomistelbach.ac.at\/asomi\/wp-content\/uploads\/2024\/10\/IMG_8112-1-300x155.jpg 300w, https:\/\/asomistelbach.ac.at\/asomi\/wp-content\/uploads\/2024\/10\/IMG_8112-1-768x396.jpg 768w, https:\/\/asomistelbach.ac.at\/asomi\/wp-content\/uploads\/2024\/10\/IMG_8112-1-1536x791.jpg 1536w, https:\/\/asomistelbach.ac.at\/asomi\/wp-content\/uploads\/2024\/10\/IMG_8112-1-2048x1055.jpg 2048w\" sizes=\"auto, (max-width: 1024px) 100vw, 1024px\" \/><\/figure>\n\n\n\n<p>Alle Sch\u00fclerinnen und Sch\u00fcler wurden eingeladen, sich an einer typischen Tafel zu dieser Zeit zu setzen. Obwohl das Essen sehr lecker aussah, durften wir nichts davon kosten. Genaue Beobachter erkannten n\u00e4mlich, dass es sich gar nicht um echtes Essen handelte. <\/p>\n\n\n\n<figure class=\"wp-block-image size-large\"><img loading=\"lazy\" decoding=\"async\" width=\"1024\" height=\"461\" src=\"https:\/\/asomistelbach.ac.at\/asomi\/wp-content\/uploads\/2024\/10\/WhatsApp-Image-2024-10-25-at-18.08.04-1024x461.jpeg\" alt=\"\" class=\"wp-image-650\" srcset=\"https:\/\/asomistelbach.ac.at\/asomi\/wp-content\/uploads\/2024\/10\/WhatsApp-Image-2024-10-25-at-18.08.04-1024x461.jpeg 1024w, https:\/\/asomistelbach.ac.at\/asomi\/wp-content\/uploads\/2024\/10\/WhatsApp-Image-2024-10-25-at-18.08.04-300x135.jpeg 300w, https:\/\/asomistelbach.ac.at\/asomi\/wp-content\/uploads\/2024\/10\/WhatsApp-Image-2024-10-25-at-18.08.04-768x346.jpeg 768w, https:\/\/asomistelbach.ac.at\/asomi\/wp-content\/uploads\/2024\/10\/WhatsApp-Image-2024-10-25-at-18.08.04-1536x692.jpeg 1536w, https:\/\/asomistelbach.ac.at\/asomi\/wp-content\/uploads\/2024\/10\/WhatsApp-Image-2024-10-25-at-18.08.04.jpeg 1600w\" sizes=\"auto, (max-width: 1024px) 100vw, 1024px\" \/><\/figure>\n\n\n\n<p>Im zweiten Stock der Ausstellung durften wir noch mit Stabw\u00fcrfeln Orakelkarten gewinnen. Dazu waren aber unsere mathematischen F\u00e4higkeiten gefragt, da 6 W\u00fcrfelbilder miteinander addiert werden mussten. Doch durch das flei\u00dfige \u00dcben das ganze Schuljahr und Teamwork gelang uns das nat\u00fcrlich. <\/p>\n\n\n\n<p>In der Mitmachausstellung konnten wir dann noch in Kettenhemden schl\u00fcpfen und Schilder tragen. Spoiler: beides ist viel schwerer als erwartet! <\/p>\n\n\n\n<figure class=\"wp-block-image size-large is-resized\"><img decoding=\"async\" src=\"https:\/\/asomistelbach.ac.at\/asomi\/wp-content\/uploads\/2024\/10\/thumbnail_IMG_8121-1024x768.jpg\" alt=\"\" class=\"wp-image-648\" style=\"width:840px;height:auto\"\/><\/figure>\n","protected":false},"excerpt":{"rendered":"<p>die 1A und 1B auf den Spuren der Kelten <\/p>\n","protected":false},"author":1,"featured_media":648,"comment_status":"closed","ping_status":"closed","sticky":false,"template":"","format":"standard","meta":{"footnotes":""},"categories":[1],"tags":[],"class_list":["post-644","post","type-post","status-publish","format-standard","has-post-thumbnail","hentry","category-allgemein","latest_post"],"_links":{"self":[{"href":"https:\/\/asomistelbach.ac.at\/asomi\/wp-json\/wp\/v2\/posts\/644","targetHints":{"allow":["GET"]}}],"collection":[{"href":"https:\/\/asomistelbach.ac.at\/asomi\/wp-json\/wp\/v2\/posts"}],"about":[{"href":"https:\/\/asomistelbach.ac.at\/asomi\/wp-json\/wp\/v2\/types\/post"}],"author":[{"embeddable":true,"href":"https:\/\/asomistelbach.ac.at\/asomi\/wp-json\/wp\/v2\/users\/1"}],"replies":[{"embeddable":true,"href":"https:\/\/asomistelbach.ac.at\/asomi\/wp-json\/wp\/v2\/comments?post=644"}],"version-history":[{"count":2,"href":"https:\/\/asomistelbach.ac.at\/asomi\/wp-json\/wp\/v2\/posts\/644\/revisions"}],"predecessor-version":[{"id":652,"href":"https:\/\/asomistelbach.ac.at\/asomi\/wp-json\/wp\/v2\/posts\/644\/revisions\/652"}],"wp:featuredmedia":[{"embeddable":true,"href":"https:\/\/asomistelbach.ac.at\/asomi\/wp-json\/wp\/v2\/media\/648"}],"wp:attachment":[{"href":"https:\/\/asomistelbach.ac.at\/asomi\/wp-json\/wp\/v2\/media?parent=644"}],"wp:term":[{"taxonomy":"category","embeddable":true,"href":"https:\/\/asomistelbach.ac.at\/asomi\/wp-json\/wp\/v2\/categories?post=644"},{"taxonomy":"post_tag","embeddable":true,"href":"https:\/\/asomistelbach.ac.at\/asomi\/wp-json\/wp\/v2\/tags?post=644"}],"curies":[{"name":"wp","href":"https:\/\/api.w.org\/{rel}","templated":true}]}}