{"id":656,"date":"2024-11-13T13:06:31","date_gmt":"2024-11-13T12:06:31","guid":{"rendered":"https:\/\/asomistelbach.ac.at\/asomi\/?p=656"},"modified":"2024-12-05T10:08:50","modified_gmt":"2024-12-05T09:08:50","slug":"aufregende-laternen-lese-nacht","status":"publish","type":"post","link":"https:\/\/asomistelbach.ac.at\/asomi\/2024\/11\/13\/aufregende-laternen-lese-nacht\/","title":{"rendered":"Aufregende Laternen-Lese-Nacht"},"content":{"rendered":"\n<p>Von 13. auf 14. November veranstalteten die Kinder der 1E+F mit ihren Lehrerinnen Doris Wimmer und Pia Fath einen au\u00dfergew\u00f6hnlichen Laternenumzug.<\/p>\n\n\n\n<figure class=\"wp-block-image size-full\"><img decoding=\"async\" src=\"https:\/\/asomistelbach.ac.at\/asomi\/wp-content\/uploads\/2024\/11\/Bild1.jpg\" alt=\"\" class=\"wp-image-657\"\/><\/figure>\n\n\n\n<p>Einige mutige Kinder der ASO Mistelbach verbrachten n\u00e4mlich anschlie\u00dfend gemeinsam mit ihren Lehrerinnen eine Lesenacht in der Schule. Tags\u00fcber r\u00e4umten sie daf\u00fcr ein Klassenzimmer aus und schleppten Turnmatten f\u00fcr das Schlaflager herbei. Nach einer aufregenden, aber sehr feuchten Laternen-Wanderung im Nebel, st\u00e4rkten sich sowohl Eltern als auch Lehrerinnen und Kinder in der Kellergasse Lanzendorf bei Punsch und W\u00fcrstel am Feuer.<\/p>\n\n\n\n<figure class=\"wp-block-gallery has-nested-images columns-default is-cropped wp-block-gallery-1 is-layout-flex wp-block-gallery-is-layout-flex\">\n<figure class=\"wp-block-image size-large\"><img loading=\"lazy\" decoding=\"async\" width=\"443\" height=\"332\" data-id=\"658\" src=\"https:\/\/asomistelbach.ac.at\/asomi\/wp-content\/uploads\/2024\/11\/Bild2.jpg\" alt=\"\" class=\"wp-image-658\" srcset=\"https:\/\/asomistelbach.ac.at\/asomi\/wp-content\/uploads\/2024\/11\/Bild2.jpg 443w, https:\/\/asomistelbach.ac.at\/asomi\/wp-content\/uploads\/2024\/11\/Bild2-300x225.jpg 300w\" sizes=\"auto, (max-width: 443px) 100vw, 443px\" \/><\/figure>\n\n\n\n<figure class=\"wp-block-image size-large\"><img loading=\"lazy\" decoding=\"async\" width=\"449\" height=\"337\" data-id=\"659\" src=\"https:\/\/asomistelbach.ac.at\/asomi\/wp-content\/uploads\/2024\/11\/Bild3.jpg\" alt=\"\" class=\"wp-image-659\" srcset=\"https:\/\/asomistelbach.ac.at\/asomi\/wp-content\/uploads\/2024\/11\/Bild3.jpg 449w, https:\/\/asomistelbach.ac.at\/asomi\/wp-content\/uploads\/2024\/11\/Bild3-300x225.jpg 300w\" sizes=\"auto, (max-width: 449px) 100vw, 449px\" \/><\/figure>\n<\/figure>\n\n\n\n<p>Nach der R\u00fcckkehr in die Schule w\u00e4rmten sich alle bei selbstgemachter Kaspress-Kn\u00f6del-Suppe auf und durften in die Welt der magischen Tiere eintauchen. Eingeh\u00fcllt in Schlafsack oder Decke schliefen alle gl\u00fccklich bei den Gutenachtgeschichten ein.<\/p>\n\n\n\n<figure class=\"wp-block-gallery has-nested-images columns-default is-cropped wp-block-gallery-2 is-layout-flex wp-block-gallery-is-layout-flex\">\n<figure class=\"wp-block-image size-large\"><img loading=\"lazy\" decoding=\"async\" width=\"471\" height=\"310\" data-id=\"661\" src=\"https:\/\/asomistelbach.ac.at\/asomi\/wp-content\/uploads\/2024\/11\/Bild4.jpg\" alt=\"\" class=\"wp-image-661\" srcset=\"https:\/\/asomistelbach.ac.at\/asomi\/wp-content\/uploads\/2024\/11\/Bild4.jpg 471w, https:\/\/asomistelbach.ac.at\/asomi\/wp-content\/uploads\/2024\/11\/Bild4-300x197.jpg 300w\" sizes=\"auto, (max-width: 471px) 100vw, 471px\" \/><\/figure>\n\n\n\n<figure class=\"wp-block-image size-large\"><img loading=\"lazy\" decoding=\"async\" width=\"476\" height=\"251\" data-id=\"660\" src=\"https:\/\/asomistelbach.ac.at\/asomi\/wp-content\/uploads\/2024\/11\/Bild5.jpg\" alt=\"\" class=\"wp-image-660\" srcset=\"https:\/\/asomistelbach.ac.at\/asomi\/wp-content\/uploads\/2024\/11\/Bild5.jpg 476w, https:\/\/asomistelbach.ac.at\/asomi\/wp-content\/uploads\/2024\/11\/Bild5-300x158.jpg 300w\" sizes=\"auto, (max-width: 476px) 100vw, 476px\" \/><\/figure>\n<\/figure>\n\n\n\n<p>Nach einer mehr oder weniger ruhigen Nacht erwachten alle gegen 7.00, r\u00e4umten alles weg und deckten den Fr\u00fchst\u00fcckstisch. P\u00fcnktlich um 8.00 startete an diesem Tag ein besonderer Unterricht, es gab ein gemeinsames Fr\u00fchst\u00fcck.<\/p>\n\n\n\n<figure class=\"wp-block-gallery has-nested-images columns-default is-cropped wp-block-gallery-3 is-layout-flex wp-block-gallery-is-layout-flex\">\n<figure class=\"wp-block-image size-large\"><img loading=\"lazy\" decoding=\"async\" width=\"437\" height=\"327\" data-id=\"662\" src=\"https:\/\/asomistelbach.ac.at\/asomi\/wp-content\/uploads\/2024\/11\/Bild6.jpg\" alt=\"\" class=\"wp-image-662\" srcset=\"https:\/\/asomistelbach.ac.at\/asomi\/wp-content\/uploads\/2024\/11\/Bild6.jpg 437w, https:\/\/asomistelbach.ac.at\/asomi\/wp-content\/uploads\/2024\/11\/Bild6-300x224.jpg 300w\" sizes=\"auto, (max-width: 437px) 100vw, 437px\" \/><\/figure>\n\n\n\n<figure class=\"wp-block-image size-large\"><img loading=\"lazy\" decoding=\"async\" width=\"435\" height=\"326\" data-id=\"663\" src=\"https:\/\/asomistelbach.ac.at\/asomi\/wp-content\/uploads\/2024\/11\/Bild7.jpg\" alt=\"\" class=\"wp-image-663\" srcset=\"https:\/\/asomistelbach.ac.at\/asomi\/wp-content\/uploads\/2024\/11\/Bild7.jpg 435w, https:\/\/asomistelbach.ac.at\/asomi\/wp-content\/uploads\/2024\/11\/Bild7-300x225.jpg 300w\" sizes=\"auto, (max-width: 435px) 100vw, 435px\" \/><\/figure>\n<\/figure>\n","protected":false},"excerpt":{"rendered":"<p>Die Klassen 1E\/F veranstalteten ein Laternenfest und \u00fcbernachteten in der Schule.<\/p>\n","protected":false},"author":1,"featured_media":657,"comment_status":"closed","ping_status":"closed","sticky":false,"template":"","format":"standard","meta":{"footnotes":""},"categories":[1],"tags":[],"class_list":["post-656","post","type-post","status-publish","format-standard","has-post-thumbnail","hentry","category-allgemein","latest_post"],"_links":{"self":[{"href":"https:\/\/asomistelbach.ac.at\/asomi\/wp-json\/wp\/v2\/posts\/656","targetHints":{"allow":["GET"]}}],"collection":[{"href":"https:\/\/asomistelbach.ac.at\/asomi\/wp-json\/wp\/v2\/posts"}],"about":[{"href":"https:\/\/asomistelbach.ac.at\/asomi\/wp-json\/wp\/v2\/types\/post"}],"author":[{"embeddable":true,"href":"https:\/\/asomistelbach.ac.at\/asomi\/wp-json\/wp\/v2\/users\/1"}],"replies":[{"embeddable":true,"href":"https:\/\/asomistelbach.ac.at\/asomi\/wp-json\/wp\/v2\/comments?post=656"}],"version-history":[{"count":1,"href":"https:\/\/asomistelbach.ac.at\/asomi\/wp-json\/wp\/v2\/posts\/656\/revisions"}],"predecessor-version":[{"id":664,"href":"https:\/\/asomistelbach.ac.at\/asomi\/wp-json\/wp\/v2\/posts\/656\/revisions\/664"}],"wp:featuredmedia":[{"embeddable":true,"href":"https:\/\/asomistelbach.ac.at\/asomi\/wp-json\/wp\/v2\/media\/657"}],"wp:attachment":[{"href":"https:\/\/asomistelbach.ac.at\/asomi\/wp-json\/wp\/v2\/media?parent=656"}],"wp:term":[{"taxonomy":"category","embeddable":true,"href":"https:\/\/asomistelbach.ac.at\/asomi\/wp-json\/wp\/v2\/categories?post=656"},{"taxonomy":"post_tag","embeddable":true,"href":"https:\/\/asomistelbach.ac.at\/asomi\/wp-json\/wp\/v2\/tags?post=656"}],"curies":[{"name":"wp","href":"https:\/\/api.w.org\/{rel}","templated":true}]}}