{"id":667,"date":"2024-11-19T17:54:21","date_gmt":"2024-11-19T16:54:21","guid":{"rendered":"https:\/\/asomistelbach.ac.at\/asomi\/?p=667"},"modified":"2024-12-08T17:59:02","modified_gmt":"2024-12-08T16:59:02","slug":"augen-auf-ohren-auf-projekt-gutes-sehen-und-hoeren","status":"publish","type":"post","link":"https:\/\/asomistelbach.ac.at\/asomi\/2024\/11\/19\/augen-auf-ohren-auf-projekt-gutes-sehen-und-hoeren\/","title":{"rendered":"Augen auf! Ohren auf! \u2013 Projekt \u201eGutes Sehen und H\u00f6ren\u201c"},"content":{"rendered":"\n<p>Eltern und Lehrpersonen sollten stets darauf achten, dass die wichtigsten Grundvoraussetzungen f\u00fcr das Lernen nicht beeintr\u00e4chtigt sind \u2013 gutes Sehen und H\u00f6ren! Um diese wichtigen Grundvoraussetzungen zu \u00fcberpr\u00fcfen, \u00f6ffnete Wolfgang Janner am 18. und 19. November 2024 die T\u00fcren seiner Firma f\u00fcr die ASO Mistelbach. Durch ihre herzliche und kindgerechte Umgangsweise gewannen Albert Petzina und Ernst Schaman von der Firma Janner bei den Testungen schnell das Vertrauen der Kinder. <\/p>\n\n\n\n<figure class=\"wp-block-image size-large\"><img loading=\"lazy\" decoding=\"async\" width=\"1024\" height=\"662\" src=\"https:\/\/asomistelbach.ac.at\/asomi\/wp-content\/uploads\/2024\/12\/Projekt-Gutes-Sehen_Gutes-Hoeren-ASO-Mistelbach-1024x662.jpg\" alt=\"\" class=\"wp-image-668\" srcset=\"https:\/\/asomistelbach.ac.at\/asomi\/wp-content\/uploads\/2024\/12\/Projekt-Gutes-Sehen_Gutes-Hoeren-ASO-Mistelbach-1024x662.jpg 1024w, https:\/\/asomistelbach.ac.at\/asomi\/wp-content\/uploads\/2024\/12\/Projekt-Gutes-Sehen_Gutes-Hoeren-ASO-Mistelbach-300x194.jpg 300w, https:\/\/asomistelbach.ac.at\/asomi\/wp-content\/uploads\/2024\/12\/Projekt-Gutes-Sehen_Gutes-Hoeren-ASO-Mistelbach-768x497.jpg 768w, https:\/\/asomistelbach.ac.at\/asomi\/wp-content\/uploads\/2024\/12\/Projekt-Gutes-Sehen_Gutes-Hoeren-ASO-Mistelbach-1536x993.jpg 1536w, https:\/\/asomistelbach.ac.at\/asomi\/wp-content\/uploads\/2024\/12\/Projekt-Gutes-Sehen_Gutes-Hoeren-ASO-Mistelbach.jpg 1752w\" sizes=\"auto, (max-width: 1024px) 100vw, 1024px\" \/><\/figure>\n\n\n\n<p>Die Ergebnisse des 2t\u00e4gigen \u00dcberpr\u00fcfungsmarathons sind durchaus positiv. Von 43 getesteten Kindern sehen und h\u00f6ren mehr als die H\u00e4lfte gut bis sehr gut. Der Rest der Sch\u00fclerinnen und Sch\u00fcler sollte gelegentlich, einige wenige dringend, zum Augen- bzw HNO (Hals-Nasen-Ohren) &#8211; Arzt.<\/p>\n","protected":false},"excerpt":{"rendered":"<p>Erfolgreiches Projekt: Die Grundvoraussetzungen f\u00fcr das Lernen wurden \u00fcberpr\u00fcft.<\/p>\n","protected":false},"author":1,"featured_media":668,"comment_status":"closed","ping_status":"closed","sticky":false,"template":"","format":"standard","meta":{"footnotes":""},"categories":[1],"tags":[],"class_list":["post-667","post","type-post","status-publish","format-standard","has-post-thumbnail","hentry","category-allgemein","latest_post"],"_links":{"self":[{"href":"https:\/\/asomistelbach.ac.at\/asomi\/wp-json\/wp\/v2\/posts\/667","targetHints":{"allow":["GET"]}}],"collection":[{"href":"https:\/\/asomistelbach.ac.at\/asomi\/wp-json\/wp\/v2\/posts"}],"about":[{"href":"https:\/\/asomistelbach.ac.at\/asomi\/wp-json\/wp\/v2\/types\/post"}],"author":[{"embeddable":true,"href":"https:\/\/asomistelbach.ac.at\/asomi\/wp-json\/wp\/v2\/users\/1"}],"replies":[{"embeddable":true,"href":"https:\/\/asomistelbach.ac.at\/asomi\/wp-json\/wp\/v2\/comments?post=667"}],"version-history":[{"count":1,"href":"https:\/\/asomistelbach.ac.at\/asomi\/wp-json\/wp\/v2\/posts\/667\/revisions"}],"predecessor-version":[{"id":669,"href":"https:\/\/asomistelbach.ac.at\/asomi\/wp-json\/wp\/v2\/posts\/667\/revisions\/669"}],"wp:featuredmedia":[{"embeddable":true,"href":"https:\/\/asomistelbach.ac.at\/asomi\/wp-json\/wp\/v2\/media\/668"}],"wp:attachment":[{"href":"https:\/\/asomistelbach.ac.at\/asomi\/wp-json\/wp\/v2\/media?parent=667"}],"wp:term":[{"taxonomy":"category","embeddable":true,"href":"https:\/\/asomistelbach.ac.at\/asomi\/wp-json\/wp\/v2\/categories?post=667"},{"taxonomy":"post_tag","embeddable":true,"href":"https:\/\/asomistelbach.ac.at\/asomi\/wp-json\/wp\/v2\/tags?post=667"}],"curies":[{"name":"wp","href":"https:\/\/api.w.org\/{rel}","templated":true}]}}