{"id":745,"date":"2025-01-31T10:03:33","date_gmt":"2025-01-31T09:03:33","guid":{"rendered":"https:\/\/asomistelbach.ac.at\/asomi\/?p=745"},"modified":"2025-02-13T10:19:46","modified_gmt":"2025-02-13T09:19:46","slug":"mimi-unterwegs-am-kirchenberg","status":"publish","type":"post","link":"https:\/\/asomistelbach.ac.at\/asomi\/2025\/01\/31\/mimi-unterwegs-am-kirchenberg\/","title":{"rendered":"Mimi unterwegs&#8230; am Kirchenberg"},"content":{"rendered":"\n<p>Am Freitag vor den Ferien, am 31. J\u00e4nner 2024, machten die 1A und die 1B gemeinsam wieder eine Schnitzeljagd mit Mimi, die man in der Gemeindezeitung finden kann. Wir starteten am Marienplatz und l\u00f6sten gemeinsam und alleine die ersten R\u00e4tsel.<\/p>\n\n\n\n<figure class=\"wp-block-image size-large\"><img loading=\"lazy\" decoding=\"async\" width=\"1024\" height=\"768\" src=\"https:\/\/asomistelbach.ac.at\/asomi\/wp-content\/uploads\/2025\/02\/IMG_9424-1024x768.jpg\" alt=\"\" class=\"wp-image-746\" srcset=\"https:\/\/asomistelbach.ac.at\/asomi\/wp-content\/uploads\/2025\/02\/IMG_9424-1024x768.jpg 1024w, https:\/\/asomistelbach.ac.at\/asomi\/wp-content\/uploads\/2025\/02\/IMG_9424-300x225.jpg 300w, https:\/\/asomistelbach.ac.at\/asomi\/wp-content\/uploads\/2025\/02\/IMG_9424-768x576.jpg 768w, https:\/\/asomistelbach.ac.at\/asomi\/wp-content\/uploads\/2025\/02\/IMG_9424-1536x1152.jpg 1536w, https:\/\/asomistelbach.ac.at\/asomi\/wp-content\/uploads\/2025\/02\/IMG_9424-2048x1536.jpg 2048w\" sizes=\"auto, (max-width: 1024px) 100vw, 1024px\" \/><\/figure>\n\n\n\n<p>Wir fanden sogar zwei \u00c4nderungen: die Telefonnummer beim Schwedenkeller ist mittlerweile eine andere und die Preise der Kerzen in der Kirche haben sich erh\u00f6ht. <\/p>\n\n\n\n<figure class=\"wp-block-gallery has-nested-images columns-default is-cropped wp-block-gallery-1 is-layout-flex wp-block-gallery-is-layout-flex\">\n<figure class=\"wp-block-image size-large\"><img loading=\"lazy\" decoding=\"async\" width=\"768\" height=\"1024\" data-id=\"748\" src=\"https:\/\/asomistelbach.ac.at\/asomi\/wp-content\/uploads\/2025\/02\/IMG_9426-1-768x1024.jpg\" alt=\"\" class=\"wp-image-748\" srcset=\"https:\/\/asomistelbach.ac.at\/asomi\/wp-content\/uploads\/2025\/02\/IMG_9426-1-768x1024.jpg 768w, https:\/\/asomistelbach.ac.at\/asomi\/wp-content\/uploads\/2025\/02\/IMG_9426-1-225x300.jpg 225w, https:\/\/asomistelbach.ac.at\/asomi\/wp-content\/uploads\/2025\/02\/IMG_9426-1-1152x1536.jpg 1152w, https:\/\/asomistelbach.ac.at\/asomi\/wp-content\/uploads\/2025\/02\/IMG_9426-1-1536x2048.jpg 1536w, https:\/\/asomistelbach.ac.at\/asomi\/wp-content\/uploads\/2025\/02\/IMG_9426-1-scaled.jpg 1920w\" sizes=\"auto, (max-width: 768px) 100vw, 768px\" \/><\/figure>\n<\/figure>\n\n\n\n<p>Das Schild f\u00fcr den Pilgerweg fanden wir sehr lange nicht, mit vereinten Kr\u00e4ften schafften wir es dann aber doch und konnten oben noch die wundersch\u00f6ne Aussicht \u00fcber Mistelbach genie\u00dfen. <\/p>\n\n\n\n<figure class=\"wp-block-image size-large\"><img loading=\"lazy\" decoding=\"async\" width=\"1024\" height=\"768\" src=\"https:\/\/asomistelbach.ac.at\/asomi\/wp-content\/uploads\/2025\/02\/IMG_9430-1024x768.jpg\" alt=\"\" class=\"wp-image-749\" srcset=\"https:\/\/asomistelbach.ac.at\/asomi\/wp-content\/uploads\/2025\/02\/IMG_9430-1024x768.jpg 1024w, https:\/\/asomistelbach.ac.at\/asomi\/wp-content\/uploads\/2025\/02\/IMG_9430-300x225.jpg 300w, https:\/\/asomistelbach.ac.at\/asomi\/wp-content\/uploads\/2025\/02\/IMG_9430-768x576.jpg 768w, https:\/\/asomistelbach.ac.at\/asomi\/wp-content\/uploads\/2025\/02\/IMG_9430-1536x1152.jpg 1536w, https:\/\/asomistelbach.ac.at\/asomi\/wp-content\/uploads\/2025\/02\/IMG_9430-2048x1536.jpg 2048w\" sizes=\"auto, (max-width: 1024px) 100vw, 1024px\" \/><\/figure>\n\n\n\n<p>Als wir in der Schule angekommen sind, waren wir alle sehr erledigt! <\/p>\n\n\n\n<figure class=\"wp-block-image size-large\"><img loading=\"lazy\" decoding=\"async\" width=\"1024\" height=\"768\" src=\"https:\/\/asomistelbach.ac.at\/asomi\/wp-content\/uploads\/2025\/02\/IMG_9431-1024x768.jpg\" alt=\"\" class=\"wp-image-750\" srcset=\"https:\/\/asomistelbach.ac.at\/asomi\/wp-content\/uploads\/2025\/02\/IMG_9431-1024x768.jpg 1024w, https:\/\/asomistelbach.ac.at\/asomi\/wp-content\/uploads\/2025\/02\/IMG_9431-300x225.jpg 300w, https:\/\/asomistelbach.ac.at\/asomi\/wp-content\/uploads\/2025\/02\/IMG_9431-768x576.jpg 768w, https:\/\/asomistelbach.ac.at\/asomi\/wp-content\/uploads\/2025\/02\/IMG_9431-1536x1152.jpg 1536w, https:\/\/asomistelbach.ac.at\/asomi\/wp-content\/uploads\/2025\/02\/IMG_9431-2048x1536.jpg 2048w\" sizes=\"auto, (max-width: 1024px) 100vw, 1024px\" \/><\/figure>\n","protected":false},"excerpt":{"rendered":"<p>gemeinsamer Ausflug der 1A und 1B <\/p>\n","protected":false},"author":1,"featured_media":748,"comment_status":"closed","ping_status":"closed","sticky":false,"template":"","format":"standard","meta":{"footnotes":""},"categories":[1],"tags":[],"class_list":["post-745","post","type-post","status-publish","format-standard","has-post-thumbnail","hentry","category-allgemein","latest_post"],"_links":{"self":[{"href":"https:\/\/asomistelbach.ac.at\/asomi\/wp-json\/wp\/v2\/posts\/745","targetHints":{"allow":["GET"]}}],"collection":[{"href":"https:\/\/asomistelbach.ac.at\/asomi\/wp-json\/wp\/v2\/posts"}],"about":[{"href":"https:\/\/asomistelbach.ac.at\/asomi\/wp-json\/wp\/v2\/types\/post"}],"author":[{"embeddable":true,"href":"https:\/\/asomistelbach.ac.at\/asomi\/wp-json\/wp\/v2\/users\/1"}],"replies":[{"embeddable":true,"href":"https:\/\/asomistelbach.ac.at\/asomi\/wp-json\/wp\/v2\/comments?post=745"}],"version-history":[{"count":1,"href":"https:\/\/asomistelbach.ac.at\/asomi\/wp-json\/wp\/v2\/posts\/745\/revisions"}],"predecessor-version":[{"id":751,"href":"https:\/\/asomistelbach.ac.at\/asomi\/wp-json\/wp\/v2\/posts\/745\/revisions\/751"}],"wp:featuredmedia":[{"embeddable":true,"href":"https:\/\/asomistelbach.ac.at\/asomi\/wp-json\/wp\/v2\/media\/748"}],"wp:attachment":[{"href":"https:\/\/asomistelbach.ac.at\/asomi\/wp-json\/wp\/v2\/media?parent=745"}],"wp:term":[{"taxonomy":"category","embeddable":true,"href":"https:\/\/asomistelbach.ac.at\/asomi\/wp-json\/wp\/v2\/categories?post=745"},{"taxonomy":"post_tag","embeddable":true,"href":"https:\/\/asomistelbach.ac.at\/asomi\/wp-json\/wp\/v2\/tags?post=745"}],"curies":[{"name":"wp","href":"https:\/\/api.w.org\/{rel}","templated":true}]}}