{"id":813,"date":"2025-05-19T13:18:56","date_gmt":"2025-05-19T11:18:56","guid":{"rendered":"https:\/\/asomistelbach.ac.at\/asomi\/?p=813"},"modified":"2025-09-11T16:09:53","modified_gmt":"2025-09-11T14:09:53","slug":"spannender-einblick-in-die-arbeit-des-roten-kreuzes-schueler-der-allgemeinen-sonderschule-zu-besuch","status":"publish","type":"post","link":"https:\/\/asomistelbach.ac.at\/asomi\/2025\/05\/19\/spannender-einblick-in-die-arbeit-des-roten-kreuzes-schueler-der-allgemeinen-sonderschule-zu-besuch\/","title":{"rendered":"Spannender Einblick in die Arbeit des Roten Kreuzes"},"content":{"rendered":"\n<figure class=\"wp-block-image size-large\"><img loading=\"lazy\" decoding=\"async\" width=\"1024\" height=\"576\" src=\"https:\/\/asomistelbach.ac.at\/asomi\/wp-content\/uploads\/2025\/07\/IMG-20250519-WA0145-1024x576.jpg\" alt=\"\" class=\"wp-image-825\" srcset=\"https:\/\/asomistelbach.ac.at\/asomi\/wp-content\/uploads\/2025\/07\/IMG-20250519-WA0145-1024x576.jpg 1024w, https:\/\/asomistelbach.ac.at\/asomi\/wp-content\/uploads\/2025\/07\/IMG-20250519-WA0145-300x169.jpg 300w, https:\/\/asomistelbach.ac.at\/asomi\/wp-content\/uploads\/2025\/07\/IMG-20250519-WA0145-768x432.jpg 768w, https:\/\/asomistelbach.ac.at\/asomi\/wp-content\/uploads\/2025\/07\/IMG-20250519-WA0145-1536x864.jpg 1536w, https:\/\/asomistelbach.ac.at\/asomi\/wp-content\/uploads\/2025\/07\/IMG-20250519-WA0145.jpg 1600w\" sizes=\"auto, (max-width: 1024px) 100vw, 1024px\" \/><\/figure>\n\n\n\n<p>Einen ganz besonderen Vormittag erlebten die Sch\u00fclerinnen und Sch\u00fcler der Klassen 1C und 1D der Allgemeinen Sonderschule am 19.Mai 2025 bei einer spannenden Exkursion zum Roten Kreuz in Mistelbach. Dort wurden sie herzlich von den engagierten Mitarbeiter*innen Lisa und Thomas empfangen, die mit gro\u00dfem Einsatz f\u00fcr ein lehrreiches und abwechslungsreiches Programm sorgten.&nbsp;<\/p>\n\n\n\n<figure class=\"wp-block-gallery has-nested-images columns-default is-cropped wp-block-gallery-1 is-layout-flex wp-block-gallery-is-layout-flex\">\n<figure class=\"wp-block-image size-large\"><img loading=\"lazy\" decoding=\"async\" width=\"576\" height=\"1024\" data-id=\"821\" src=\"https:\/\/asomistelbach.ac.at\/asomi\/wp-content\/uploads\/2025\/07\/IMG-20250519-WA0080-576x1024.jpg\" alt=\"\" class=\"wp-image-821\" srcset=\"https:\/\/asomistelbach.ac.at\/asomi\/wp-content\/uploads\/2025\/07\/IMG-20250519-WA0080-576x1024.jpg 576w, https:\/\/asomistelbach.ac.at\/asomi\/wp-content\/uploads\/2025\/07\/IMG-20250519-WA0080-169x300.jpg 169w, https:\/\/asomistelbach.ac.at\/asomi\/wp-content\/uploads\/2025\/07\/IMG-20250519-WA0080-768x1365.jpg 768w, https:\/\/asomistelbach.ac.at\/asomi\/wp-content\/uploads\/2025\/07\/IMG-20250519-WA0080-864x1536.jpg 864w, https:\/\/asomistelbach.ac.at\/asomi\/wp-content\/uploads\/2025\/07\/IMG-20250519-WA0080.jpg 900w\" sizes=\"auto, (max-width: 576px) 100vw, 576px\" \/><\/figure>\n\n\n\n<figure class=\"wp-block-image size-large\"><img loading=\"lazy\" decoding=\"async\" width=\"1024\" height=\"1024\" data-id=\"819\" src=\"https:\/\/asomistelbach.ac.at\/asomi\/wp-content\/uploads\/2025\/07\/20250519_094240-1024x1024.jpg\" alt=\"\" class=\"wp-image-819\" srcset=\"https:\/\/asomistelbach.ac.at\/asomi\/wp-content\/uploads\/2025\/07\/20250519_094240-1024x1024.jpg 1024w, https:\/\/asomistelbach.ac.at\/asomi\/wp-content\/uploads\/2025\/07\/20250519_094240-300x300.jpg 300w, https:\/\/asomistelbach.ac.at\/asomi\/wp-content\/uploads\/2025\/07\/20250519_094240-150x150.jpg 150w, https:\/\/asomistelbach.ac.at\/asomi\/wp-content\/uploads\/2025\/07\/20250519_094240-768x768.jpg 768w, https:\/\/asomistelbach.ac.at\/asomi\/wp-content\/uploads\/2025\/07\/20250519_094240-1536x1536.jpg 1536w, https:\/\/asomistelbach.ac.at\/asomi\/wp-content\/uploads\/2025\/07\/20250519_094240-2048x2048.jpg 2048w, https:\/\/asomistelbach.ac.at\/asomi\/wp-content\/uploads\/2025\/07\/20250519_094240-246x246.jpg 246w, https:\/\/asomistelbach.ac.at\/asomi\/wp-content\/uploads\/2025\/07\/20250519_094240-275x275.jpg 275w, https:\/\/asomistelbach.ac.at\/asomi\/wp-content\/uploads\/2025\/07\/20250519_094240-70x70.jpg 70w, https:\/\/asomistelbach.ac.at\/asomi\/wp-content\/uploads\/2025\/07\/20250519_094240-276x276.jpg 276w, https:\/\/asomistelbach.ac.at\/asomi\/wp-content\/uploads\/2025\/07\/20250519_094240-125x125.jpg 125w, https:\/\/asomistelbach.ac.at\/asomi\/wp-content\/uploads\/2025\/07\/20250519_094240-211x211.jpg 211w\" sizes=\"auto, (max-width: 1024px) 100vw, 1024px\" \/><\/figure>\n\n\n\n<figure class=\"wp-block-image size-large\"><img loading=\"lazy\" decoding=\"async\" width=\"576\" height=\"1024\" data-id=\"816\" src=\"https:\/\/asomistelbach.ac.at\/asomi\/wp-content\/uploads\/2025\/07\/IMG-20250519-WA0057-576x1024.jpg\" alt=\"\" class=\"wp-image-816\" srcset=\"https:\/\/asomistelbach.ac.at\/asomi\/wp-content\/uploads\/2025\/07\/IMG-20250519-WA0057-576x1024.jpg 576w, https:\/\/asomistelbach.ac.at\/asomi\/wp-content\/uploads\/2025\/07\/IMG-20250519-WA0057-169x300.jpg 169w, https:\/\/asomistelbach.ac.at\/asomi\/wp-content\/uploads\/2025\/07\/IMG-20250519-WA0057-768x1365.jpg 768w, https:\/\/asomistelbach.ac.at\/asomi\/wp-content\/uploads\/2025\/07\/IMG-20250519-WA0057-864x1536.jpg 864w, https:\/\/asomistelbach.ac.at\/asomi\/wp-content\/uploads\/2025\/07\/IMG-20250519-WA0057.jpg 900w\" sizes=\"auto, (max-width: 576px) 100vw, 576px\" \/><\/figure>\n\n\n\n<figure class=\"wp-block-image size-large\"><img loading=\"lazy\" decoding=\"async\" width=\"1024\" height=\"1024\" data-id=\"818\" src=\"https:\/\/asomistelbach.ac.at\/asomi\/wp-content\/uploads\/2025\/07\/20250519_113318-1024x1024.jpg\" alt=\"\" class=\"wp-image-818\" srcset=\"https:\/\/asomistelbach.ac.at\/asomi\/wp-content\/uploads\/2025\/07\/20250519_113318-1024x1024.jpg 1024w, https:\/\/asomistelbach.ac.at\/asomi\/wp-content\/uploads\/2025\/07\/20250519_113318-300x300.jpg 300w, https:\/\/asomistelbach.ac.at\/asomi\/wp-content\/uploads\/2025\/07\/20250519_113318-150x150.jpg 150w, https:\/\/asomistelbach.ac.at\/asomi\/wp-content\/uploads\/2025\/07\/20250519_113318-768x768.jpg 768w, https:\/\/asomistelbach.ac.at\/asomi\/wp-content\/uploads\/2025\/07\/20250519_113318-1536x1536.jpg 1536w, https:\/\/asomistelbach.ac.at\/asomi\/wp-content\/uploads\/2025\/07\/20250519_113318-2048x2048.jpg 2048w, https:\/\/asomistelbach.ac.at\/asomi\/wp-content\/uploads\/2025\/07\/20250519_113318-246x246.jpg 246w, https:\/\/asomistelbach.ac.at\/asomi\/wp-content\/uploads\/2025\/07\/20250519_113318-275x275.jpg 275w, https:\/\/asomistelbach.ac.at\/asomi\/wp-content\/uploads\/2025\/07\/20250519_113318-70x70.jpg 70w, https:\/\/asomistelbach.ac.at\/asomi\/wp-content\/uploads\/2025\/07\/20250519_113318-276x276.jpg 276w, https:\/\/asomistelbach.ac.at\/asomi\/wp-content\/uploads\/2025\/07\/20250519_113318-125x125.jpg 125w, https:\/\/asomistelbach.ac.at\/asomi\/wp-content\/uploads\/2025\/07\/20250519_113318-211x211.jpg 211w\" sizes=\"auto, (max-width: 1024px) 100vw, 1024px\" \/><\/figure>\n\n\n\n<figure class=\"wp-block-image size-large\"><img loading=\"lazy\" decoding=\"async\" width=\"576\" height=\"1024\" data-id=\"815\" src=\"https:\/\/asomistelbach.ac.at\/asomi\/wp-content\/uploads\/2025\/07\/IMG-20250519-WA0045-576x1024.jpg\" alt=\"\" class=\"wp-image-815\" srcset=\"https:\/\/asomistelbach.ac.at\/asomi\/wp-content\/uploads\/2025\/07\/IMG-20250519-WA0045-576x1024.jpg 576w, https:\/\/asomistelbach.ac.at\/asomi\/wp-content\/uploads\/2025\/07\/IMG-20250519-WA0045-169x300.jpg 169w, https:\/\/asomistelbach.ac.at\/asomi\/wp-content\/uploads\/2025\/07\/IMG-20250519-WA0045-768x1365.jpg 768w, https:\/\/asomistelbach.ac.at\/asomi\/wp-content\/uploads\/2025\/07\/IMG-20250519-WA0045-864x1536.jpg 864w, https:\/\/asomistelbach.ac.at\/asomi\/wp-content\/uploads\/2025\/07\/IMG-20250519-WA0045.jpg 900w\" sizes=\"auto, (max-width: 576px) 100vw, 576px\" \/><\/figure>\n\n\n\n<figure class=\"wp-block-image size-large\"><img loading=\"lazy\" decoding=\"async\" width=\"1024\" height=\"576\" data-id=\"814\" src=\"https:\/\/asomistelbach.ac.at\/asomi\/wp-content\/uploads\/2025\/07\/IMG-20250519-WA0018-1024x576.jpg\" alt=\"\" class=\"wp-image-814\" srcset=\"https:\/\/asomistelbach.ac.at\/asomi\/wp-content\/uploads\/2025\/07\/IMG-20250519-WA0018-1024x576.jpg 1024w, https:\/\/asomistelbach.ac.at\/asomi\/wp-content\/uploads\/2025\/07\/IMG-20250519-WA0018-300x169.jpg 300w, https:\/\/asomistelbach.ac.at\/asomi\/wp-content\/uploads\/2025\/07\/IMG-20250519-WA0018-768x432.jpg 768w, https:\/\/asomistelbach.ac.at\/asomi\/wp-content\/uploads\/2025\/07\/IMG-20250519-WA0018-1536x864.jpg 1536w, https:\/\/asomistelbach.ac.at\/asomi\/wp-content\/uploads\/2025\/07\/IMG-20250519-WA0018.jpg 1600w\" sizes=\"auto, (max-width: 1024px) 100vw, 1024px\" \/><\/figure>\n<\/figure>\n\n\n\n<p>Die Kinder durften selbst aktiv werden und viele Dinge ausprobieren: Sie lernten, wie man einen Kopfverband anlegt, konnten den eigenen Blutdruck messen und das Arbeiten mit einem Stethoskop ausprobieren. F\u00fcr besonders gro\u00dfe Begeisterung sorgte die raschelnde Rettungsdecke aus Aluminium, unter der sich alle Kinder einmal verstecken durften.&nbsp;<\/p>\n\n\n\n<figure class=\"wp-block-gallery has-nested-images columns-default is-cropped wp-block-gallery-2 is-layout-flex wp-block-gallery-is-layout-flex\">\n<figure class=\"wp-block-image size-large\"><img loading=\"lazy\" decoding=\"async\" width=\"576\" height=\"1024\" data-id=\"820\" src=\"https:\/\/asomistelbach.ac.at\/asomi\/wp-content\/uploads\/2025\/07\/IMG-20250519-WA0062-576x1024.jpg\" alt=\"\" class=\"wp-image-820\" srcset=\"https:\/\/asomistelbach.ac.at\/asomi\/wp-content\/uploads\/2025\/07\/IMG-20250519-WA0062-576x1024.jpg 576w, https:\/\/asomistelbach.ac.at\/asomi\/wp-content\/uploads\/2025\/07\/IMG-20250519-WA0062-169x300.jpg 169w, https:\/\/asomistelbach.ac.at\/asomi\/wp-content\/uploads\/2025\/07\/IMG-20250519-WA0062-768x1365.jpg 768w, https:\/\/asomistelbach.ac.at\/asomi\/wp-content\/uploads\/2025\/07\/IMG-20250519-WA0062-864x1536.jpg 864w, https:\/\/asomistelbach.ac.at\/asomi\/wp-content\/uploads\/2025\/07\/IMG-20250519-WA0062.jpg 900w\" sizes=\"auto, (max-width: 576px) 100vw, 576px\" \/><\/figure>\n\n\n\n<figure class=\"wp-block-image size-large\"><img loading=\"lazy\" decoding=\"async\" width=\"1024\" height=\"576\" data-id=\"817\" src=\"https:\/\/asomistelbach.ac.at\/asomi\/wp-content\/uploads\/2025\/07\/IMG-20250519-WA0058-1024x576.jpg\" alt=\"\" class=\"wp-image-817\" srcset=\"https:\/\/asomistelbach.ac.at\/asomi\/wp-content\/uploads\/2025\/07\/IMG-20250519-WA0058-1024x576.jpg 1024w, https:\/\/asomistelbach.ac.at\/asomi\/wp-content\/uploads\/2025\/07\/IMG-20250519-WA0058-300x169.jpg 300w, https:\/\/asomistelbach.ac.at\/asomi\/wp-content\/uploads\/2025\/07\/IMG-20250519-WA0058-768x432.jpg 768w, https:\/\/asomistelbach.ac.at\/asomi\/wp-content\/uploads\/2025\/07\/IMG-20250519-WA0058-1536x864.jpg 1536w, https:\/\/asomistelbach.ac.at\/asomi\/wp-content\/uploads\/2025\/07\/IMG-20250519-WA0058.jpg 1600w\" sizes=\"auto, (max-width: 1024px) 100vw, 1024px\" \/><\/figure>\n<\/figure>\n\n\n\n<p>Nach einer spannenden F\u00fchrung durch das Haus stand ein weiterer H\u00f6hepunkt auf dem Programm: die Besichtigung eines echten Rettungswagens. Die Sch\u00fclerinnen und Sch\u00fcler durften das Fahrzeug von innen erkunden und waren sichtlich beeindruckt von der Technik, dem Blaulicht und der lautstarken Sirene.&nbsp;<\/p>\n\n\n\n<figure class=\"wp-block-gallery has-nested-images columns-default is-cropped wp-block-gallery-3 is-layout-flex wp-block-gallery-is-layout-flex\">\n<figure class=\"wp-block-image size-large\"><img loading=\"lazy\" decoding=\"async\" width=\"1024\" height=\"576\" data-id=\"823\" src=\"https:\/\/asomistelbach.ac.at\/asomi\/wp-content\/uploads\/2025\/07\/IMG-20250519-WA0093-1024x576.jpg\" alt=\"\" class=\"wp-image-823\" srcset=\"https:\/\/asomistelbach.ac.at\/asomi\/wp-content\/uploads\/2025\/07\/IMG-20250519-WA0093-1024x576.jpg 1024w, https:\/\/asomistelbach.ac.at\/asomi\/wp-content\/uploads\/2025\/07\/IMG-20250519-WA0093-300x169.jpg 300w, https:\/\/asomistelbach.ac.at\/asomi\/wp-content\/uploads\/2025\/07\/IMG-20250519-WA0093-768x432.jpg 768w, https:\/\/asomistelbach.ac.at\/asomi\/wp-content\/uploads\/2025\/07\/IMG-20250519-WA0093-1536x864.jpg 1536w, https:\/\/asomistelbach.ac.at\/asomi\/wp-content\/uploads\/2025\/07\/IMG-20250519-WA0093.jpg 1600w\" sizes=\"auto, (max-width: 1024px) 100vw, 1024px\" \/><\/figure>\n\n\n\n<figure class=\"wp-block-image size-large\"><img loading=\"lazy\" decoding=\"async\" width=\"1024\" height=\"576\" data-id=\"824\" src=\"https:\/\/asomistelbach.ac.at\/asomi\/wp-content\/uploads\/2025\/07\/IMG-20250519-WA0142-1024x576.jpg\" alt=\"\" class=\"wp-image-824\" srcset=\"https:\/\/asomistelbach.ac.at\/asomi\/wp-content\/uploads\/2025\/07\/IMG-20250519-WA0142-1024x576.jpg 1024w, https:\/\/asomistelbach.ac.at\/asomi\/wp-content\/uploads\/2025\/07\/IMG-20250519-WA0142-300x169.jpg 300w, https:\/\/asomistelbach.ac.at\/asomi\/wp-content\/uploads\/2025\/07\/IMG-20250519-WA0142-768x432.jpg 768w, https:\/\/asomistelbach.ac.at\/asomi\/wp-content\/uploads\/2025\/07\/IMG-20250519-WA0142-1536x864.jpg 1536w, https:\/\/asomistelbach.ac.at\/asomi\/wp-content\/uploads\/2025\/07\/IMG-20250519-WA0142.jpg 1600w\" sizes=\"auto, (max-width: 1024px) 100vw, 1024px\" \/><\/figure>\n\n\n\n<figure class=\"wp-block-image size-large\"><img loading=\"lazy\" decoding=\"async\" width=\"1024\" height=\"576\" data-id=\"822\" src=\"https:\/\/asomistelbach.ac.at\/asomi\/wp-content\/uploads\/2025\/07\/IMG-20250519-WA0096-1024x576.jpg\" alt=\"\" class=\"wp-image-822\" srcset=\"https:\/\/asomistelbach.ac.at\/asomi\/wp-content\/uploads\/2025\/07\/IMG-20250519-WA0096-1024x576.jpg 1024w, https:\/\/asomistelbach.ac.at\/asomi\/wp-content\/uploads\/2025\/07\/IMG-20250519-WA0096-300x169.jpg 300w, https:\/\/asomistelbach.ac.at\/asomi\/wp-content\/uploads\/2025\/07\/IMG-20250519-WA0096-768x432.jpg 768w, https:\/\/asomistelbach.ac.at\/asomi\/wp-content\/uploads\/2025\/07\/IMG-20250519-WA0096-1536x864.jpg 1536w, https:\/\/asomistelbach.ac.at\/asomi\/wp-content\/uploads\/2025\/07\/IMG-20250519-WA0096.jpg 1600w\" sizes=\"auto, (max-width: 1024px) 100vw, 1024px\" \/><\/figure>\n<\/figure>\n\n\n\n<p>Zum Abschluss bedankten sich die Kinder bei Lisa und Thomas mit einem liebevoll selbst gestalteten Plakat. Die Exkursion war f\u00fcr alle Beteiligten eine eindrucksvolle und sch\u00f6ne Erfahrung \u2013 nicht nur lehrreich, sondern auch ein gro\u00dfer Spa\u00df.&nbsp;<\/p>\n","protected":false},"excerpt":{"rendered":"<p>Exkursion der Klassen 1C und 1D zum Roten Kreuz<\/p>\n","protected":false},"author":1,"featured_media":825,"comment_status":"closed","ping_status":"closed","sticky":false,"template":"","format":"standard","meta":{"footnotes":""},"categories":[1],"tags":[],"class_list":["post-813","post","type-post","status-publish","format-standard","has-post-thumbnail","hentry","category-allgemein","latest_post"],"_links":{"self":[{"href":"https:\/\/asomistelbach.ac.at\/asomi\/wp-json\/wp\/v2\/posts\/813","targetHints":{"allow":["GET"]}}],"collection":[{"href":"https:\/\/asomistelbach.ac.at\/asomi\/wp-json\/wp\/v2\/posts"}],"about":[{"href":"https:\/\/asomistelbach.ac.at\/asomi\/wp-json\/wp\/v2\/types\/post"}],"author":[{"embeddable":true,"href":"https:\/\/asomistelbach.ac.at\/asomi\/wp-json\/wp\/v2\/users\/1"}],"replies":[{"embeddable":true,"href":"https:\/\/asomistelbach.ac.at\/asomi\/wp-json\/wp\/v2\/comments?post=813"}],"version-history":[{"count":2,"href":"https:\/\/asomistelbach.ac.at\/asomi\/wp-json\/wp\/v2\/posts\/813\/revisions"}],"predecessor-version":[{"id":857,"href":"https:\/\/asomistelbach.ac.at\/asomi\/wp-json\/wp\/v2\/posts\/813\/revisions\/857"}],"wp:featuredmedia":[{"embeddable":true,"href":"https:\/\/asomistelbach.ac.at\/asomi\/wp-json\/wp\/v2\/media\/825"}],"wp:attachment":[{"href":"https:\/\/asomistelbach.ac.at\/asomi\/wp-json\/wp\/v2\/media?parent=813"}],"wp:term":[{"taxonomy":"category","embeddable":true,"href":"https:\/\/asomistelbach.ac.at\/asomi\/wp-json\/wp\/v2\/categories?post=813"},{"taxonomy":"post_tag","embeddable":true,"href":"https:\/\/asomistelbach.ac.at\/asomi\/wp-json\/wp\/v2\/tags?post=813"}],"curies":[{"name":"wp","href":"https:\/\/api.w.org\/{rel}","templated":true}]}}