{"id":840,"date":"2025-09-04T19:45:12","date_gmt":"2025-09-04T17:45:12","guid":{"rendered":"https:\/\/asomistelbach.ac.at\/asomi\/?p=840"},"modified":"2025-09-10T19:58:56","modified_gmt":"2025-09-10T17:58:56","slug":"ab-in-den-wald","status":"publish","type":"post","link":"https:\/\/asomistelbach.ac.at\/asomi\/2025\/09\/04\/ab-in-den-wald\/","title":{"rendered":"Ab in den Wald!"},"content":{"rendered":"\n<figure class=\"wp-block-image size-large\"><img decoding=\"async\" src=\"https:\/\/asomistelbach.ac.at\/asomi\/wp-content\/uploads\/2025\/09\/WhatsApp-Bild-2025-09-05-um-11.10.07_31a078db-1024x461.jpg\" alt=\"\" class=\"wp-image-854\"\/><\/figure>\n\n\n\n<p>Bereits in der ersten Schulwoche unternahmen wir einen anstrengenden Wandertag.<\/p>\n\n\n\n<p>Die Sch\u00fclerinnen und Sch\u00fcler der 1 A und 1 B marschierten am Donnerstag, den 4.9.2025 bei wundersch\u00f6nem Wetter in den Mistelbacher Stadtwald.<\/p>\n\n\n\n<p>Die Lehrerinnen hatten verschiedene Aufgaben f\u00fcr uns vorbereitet.<\/p>\n\n\n\n<p>Nach einer Jause beim Spielplatz N\u00e4he der Martinsklause wurde uns erkl\u00e4rt, was wir tun sollten.<\/p>\n\n\n\n<p>Zuerst absolvierten wir das \u201eEierschachtelbingo\u201c zum Thema WALD.<\/p>\n\n\n\n<p>Dabei konnten wir verschiedene Dinge, wie Zapfen, Federn oder Schneckenh\u00e4user suchen und unsere Box mit insgesamt zehn Fundst\u00fccken f\u00fcllen.<\/p>\n\n\n\n<div class=\"wp-block-group\"><div class=\"wp-block-group__inner-container is-layout-constrained wp-block-group-is-layout-constrained\">\n<figure class=\"wp-block-gallery aligncenter has-nested-images columns-default is-cropped wp-block-gallery-1 is-layout-flex wp-block-gallery-is-layout-flex\">\n<figure class=\"wp-block-image size-large\"><img loading=\"lazy\" decoding=\"async\" width=\"462\" height=\"1024\" data-id=\"842\" src=\"https:\/\/asomistelbach.ac.at\/asomi\/wp-content\/uploads\/2025\/09\/WhatsApp-Bild-2025-09-05-um-11.11.28_80987f1f-462x1024.jpg\" alt=\"\" class=\"wp-image-842\" srcset=\"https:\/\/asomistelbach.ac.at\/asomi\/wp-content\/uploads\/2025\/09\/WhatsApp-Bild-2025-09-05-um-11.11.28_80987f1f-462x1024.jpg 462w, https:\/\/asomistelbach.ac.at\/asomi\/wp-content\/uploads\/2025\/09\/WhatsApp-Bild-2025-09-05-um-11.11.28_80987f1f-135x300.jpg 135w, https:\/\/asomistelbach.ac.at\/asomi\/wp-content\/uploads\/2025\/09\/WhatsApp-Bild-2025-09-05-um-11.11.28_80987f1f-768x1704.jpg 768w, https:\/\/asomistelbach.ac.at\/asomi\/wp-content\/uploads\/2025\/09\/WhatsApp-Bild-2025-09-05-um-11.11.28_80987f1f-692x1536.jpg 692w, https:\/\/asomistelbach.ac.at\/asomi\/wp-content\/uploads\/2025\/09\/WhatsApp-Bild-2025-09-05-um-11.11.28_80987f1f.jpg 923w\" sizes=\"auto, (max-width: 462px) 100vw, 462px\" \/><\/figure>\n\n\n\n<figure class=\"wp-block-image size-large\"><img loading=\"lazy\" decoding=\"async\" width=\"462\" height=\"1024\" data-id=\"841\" src=\"https:\/\/asomistelbach.ac.at\/asomi\/wp-content\/uploads\/2025\/09\/WhatsApp-Bild-2025-09-05-um-11.11.28_15a01bc3-462x1024.jpg\" alt=\"\" class=\"wp-image-841\" srcset=\"https:\/\/asomistelbach.ac.at\/asomi\/wp-content\/uploads\/2025\/09\/WhatsApp-Bild-2025-09-05-um-11.11.28_15a01bc3-462x1024.jpg 462w, https:\/\/asomistelbach.ac.at\/asomi\/wp-content\/uploads\/2025\/09\/WhatsApp-Bild-2025-09-05-um-11.11.28_15a01bc3-135x300.jpg 135w, https:\/\/asomistelbach.ac.at\/asomi\/wp-content\/uploads\/2025\/09\/WhatsApp-Bild-2025-09-05-um-11.11.28_15a01bc3-768x1704.jpg 768w, https:\/\/asomistelbach.ac.at\/asomi\/wp-content\/uploads\/2025\/09\/WhatsApp-Bild-2025-09-05-um-11.11.28_15a01bc3-692x1536.jpg 692w, https:\/\/asomistelbach.ac.at\/asomi\/wp-content\/uploads\/2025\/09\/WhatsApp-Bild-2025-09-05-um-11.11.28_15a01bc3.jpg 923w\" sizes=\"auto, (max-width: 462px) 100vw, 462px\" \/><\/figure>\n\n\n\n<figure class=\"wp-block-image size-large\"><img loading=\"lazy\" decoding=\"async\" width=\"462\" height=\"1024\" data-id=\"843\" src=\"https:\/\/asomistelbach.ac.at\/asomi\/wp-content\/uploads\/2025\/09\/WhatsApp-Bild-2025-09-05-um-11.11.30_09b770c0-462x1024.jpg\" alt=\"\" class=\"wp-image-843\" srcset=\"https:\/\/asomistelbach.ac.at\/asomi\/wp-content\/uploads\/2025\/09\/WhatsApp-Bild-2025-09-05-um-11.11.30_09b770c0-462x1024.jpg 462w, https:\/\/asomistelbach.ac.at\/asomi\/wp-content\/uploads\/2025\/09\/WhatsApp-Bild-2025-09-05-um-11.11.30_09b770c0-135x300.jpg 135w, https:\/\/asomistelbach.ac.at\/asomi\/wp-content\/uploads\/2025\/09\/WhatsApp-Bild-2025-09-05-um-11.11.30_09b770c0-768x1704.jpg 768w, https:\/\/asomistelbach.ac.at\/asomi\/wp-content\/uploads\/2025\/09\/WhatsApp-Bild-2025-09-05-um-11.11.30_09b770c0-692x1536.jpg 692w, https:\/\/asomistelbach.ac.at\/asomi\/wp-content\/uploads\/2025\/09\/WhatsApp-Bild-2025-09-05-um-11.11.30_09b770c0.jpg 923w\" sizes=\"auto, (max-width: 462px) 100vw, 462px\" \/><\/figure>\n<\/figure>\n<\/div><\/div>\n\n\n\n<p>Anschlie\u00dfend gestalten wir \u201eBaumgesichter\u201c und verzierten die B\u00e4ume entlang des Weges mit lustigen Grimassen aus Naturmaterialien. Als Kleber nutzten wir einen biologisch abbaubaren Mehlteig.<\/p>\n\n\n\n<figure class=\"wp-block-gallery has-nested-images columns-default is-cropped wp-block-gallery-2 is-layout-flex wp-block-gallery-is-layout-flex\">\n<figure class=\"wp-block-image size-large\"><img loading=\"lazy\" decoding=\"async\" width=\"462\" height=\"1024\" data-id=\"845\" src=\"https:\/\/asomistelbach.ac.at\/asomi\/wp-content\/uploads\/2025\/09\/WhatsApp-Bild-2025-09-05-um-11.10.07_006de288-462x1024.jpg\" alt=\"\" class=\"wp-image-845\" srcset=\"https:\/\/asomistelbach.ac.at\/asomi\/wp-content\/uploads\/2025\/09\/WhatsApp-Bild-2025-09-05-um-11.10.07_006de288-462x1024.jpg 462w, https:\/\/asomistelbach.ac.at\/asomi\/wp-content\/uploads\/2025\/09\/WhatsApp-Bild-2025-09-05-um-11.10.07_006de288-135x300.jpg 135w, https:\/\/asomistelbach.ac.at\/asomi\/wp-content\/uploads\/2025\/09\/WhatsApp-Bild-2025-09-05-um-11.10.07_006de288-768x1704.jpg 768w, https:\/\/asomistelbach.ac.at\/asomi\/wp-content\/uploads\/2025\/09\/WhatsApp-Bild-2025-09-05-um-11.10.07_006de288-692x1536.jpg 692w, https:\/\/asomistelbach.ac.at\/asomi\/wp-content\/uploads\/2025\/09\/WhatsApp-Bild-2025-09-05-um-11.10.07_006de288.jpg 923w\" sizes=\"auto, (max-width: 462px) 100vw, 462px\" \/><\/figure>\n\n\n\n<figure class=\"wp-block-image size-large\"><img loading=\"lazy\" decoding=\"async\" width=\"462\" height=\"1024\" data-id=\"848\" src=\"https:\/\/asomistelbach.ac.at\/asomi\/wp-content\/uploads\/2025\/09\/WhatsApp-Bild-2025-09-05-um-11.10.07_bf8c3021-462x1024.jpg\" alt=\"\" class=\"wp-image-848\" srcset=\"https:\/\/asomistelbach.ac.at\/asomi\/wp-content\/uploads\/2025\/09\/WhatsApp-Bild-2025-09-05-um-11.10.07_bf8c3021-462x1024.jpg 462w, https:\/\/asomistelbach.ac.at\/asomi\/wp-content\/uploads\/2025\/09\/WhatsApp-Bild-2025-09-05-um-11.10.07_bf8c3021-135x300.jpg 135w, https:\/\/asomistelbach.ac.at\/asomi\/wp-content\/uploads\/2025\/09\/WhatsApp-Bild-2025-09-05-um-11.10.07_bf8c3021-768x1704.jpg 768w, https:\/\/asomistelbach.ac.at\/asomi\/wp-content\/uploads\/2025\/09\/WhatsApp-Bild-2025-09-05-um-11.10.07_bf8c3021-692x1536.jpg 692w, https:\/\/asomistelbach.ac.at\/asomi\/wp-content\/uploads\/2025\/09\/WhatsApp-Bild-2025-09-05-um-11.10.07_bf8c3021.jpg 923w\" sizes=\"auto, (max-width: 462px) 100vw, 462px\" \/><\/figure>\n\n\n\n<figure class=\"wp-block-image size-large\"><img loading=\"lazy\" decoding=\"async\" width=\"462\" height=\"1024\" data-id=\"850\" src=\"https:\/\/asomistelbach.ac.at\/asomi\/wp-content\/uploads\/2025\/09\/WhatsApp-Bild-2025-09-05-um-11.10.07_d0c4f796-462x1024.jpg\" alt=\"\" class=\"wp-image-850\" srcset=\"https:\/\/asomistelbach.ac.at\/asomi\/wp-content\/uploads\/2025\/09\/WhatsApp-Bild-2025-09-05-um-11.10.07_d0c4f796-462x1024.jpg 462w, https:\/\/asomistelbach.ac.at\/asomi\/wp-content\/uploads\/2025\/09\/WhatsApp-Bild-2025-09-05-um-11.10.07_d0c4f796-135x300.jpg 135w, https:\/\/asomistelbach.ac.at\/asomi\/wp-content\/uploads\/2025\/09\/WhatsApp-Bild-2025-09-05-um-11.10.07_d0c4f796-768x1704.jpg 768w, https:\/\/asomistelbach.ac.at\/asomi\/wp-content\/uploads\/2025\/09\/WhatsApp-Bild-2025-09-05-um-11.10.07_d0c4f796-692x1536.jpg 692w, https:\/\/asomistelbach.ac.at\/asomi\/wp-content\/uploads\/2025\/09\/WhatsApp-Bild-2025-09-05-um-11.10.07_d0c4f796.jpg 923w\" sizes=\"auto, (max-width: 462px) 100vw, 462px\" \/><\/figure>\n\n\n\n<figure class=\"wp-block-image size-large\"><img loading=\"lazy\" decoding=\"async\" width=\"462\" height=\"1024\" data-id=\"846\" src=\"https:\/\/asomistelbach.ac.at\/asomi\/wp-content\/uploads\/2025\/09\/WhatsApp-Bild-2025-09-05-um-11.11.30_66e63ebf-462x1024.jpg\" alt=\"\" class=\"wp-image-846\" srcset=\"https:\/\/asomistelbach.ac.at\/asomi\/wp-content\/uploads\/2025\/09\/WhatsApp-Bild-2025-09-05-um-11.11.30_66e63ebf-462x1024.jpg 462w, https:\/\/asomistelbach.ac.at\/asomi\/wp-content\/uploads\/2025\/09\/WhatsApp-Bild-2025-09-05-um-11.11.30_66e63ebf-135x300.jpg 135w, https:\/\/asomistelbach.ac.at\/asomi\/wp-content\/uploads\/2025\/09\/WhatsApp-Bild-2025-09-05-um-11.11.30_66e63ebf-768x1704.jpg 768w, https:\/\/asomistelbach.ac.at\/asomi\/wp-content\/uploads\/2025\/09\/WhatsApp-Bild-2025-09-05-um-11.11.30_66e63ebf-692x1536.jpg 692w, https:\/\/asomistelbach.ac.at\/asomi\/wp-content\/uploads\/2025\/09\/WhatsApp-Bild-2025-09-05-um-11.11.30_66e63ebf.jpg 923w\" sizes=\"auto, (max-width: 462px) 100vw, 462px\" \/><\/figure>\n\n\n\n<figure class=\"wp-block-image size-large\"><img loading=\"lazy\" decoding=\"async\" width=\"462\" height=\"1024\" data-id=\"847\" src=\"https:\/\/asomistelbach.ac.at\/asomi\/wp-content\/uploads\/2025\/09\/WhatsApp-Bild-2025-09-05-um-11.11.31_4feb5047-462x1024.jpg\" alt=\"\" class=\"wp-image-847\" srcset=\"https:\/\/asomistelbach.ac.at\/asomi\/wp-content\/uploads\/2025\/09\/WhatsApp-Bild-2025-09-05-um-11.11.31_4feb5047-462x1024.jpg 462w, https:\/\/asomistelbach.ac.at\/asomi\/wp-content\/uploads\/2025\/09\/WhatsApp-Bild-2025-09-05-um-11.11.31_4feb5047-135x300.jpg 135w, https:\/\/asomistelbach.ac.at\/asomi\/wp-content\/uploads\/2025\/09\/WhatsApp-Bild-2025-09-05-um-11.11.31_4feb5047-768x1704.jpg 768w, https:\/\/asomistelbach.ac.at\/asomi\/wp-content\/uploads\/2025\/09\/WhatsApp-Bild-2025-09-05-um-11.11.31_4feb5047-692x1536.jpg 692w, https:\/\/asomistelbach.ac.at\/asomi\/wp-content\/uploads\/2025\/09\/WhatsApp-Bild-2025-09-05-um-11.11.31_4feb5047.jpg 923w\" sizes=\"auto, (max-width: 462px) 100vw, 462px\" \/><\/figure>\n\n\n\n<figure class=\"wp-block-image size-large\"><img loading=\"lazy\" decoding=\"async\" width=\"462\" height=\"1024\" data-id=\"849\" src=\"https:\/\/asomistelbach.ac.at\/asomi\/wp-content\/uploads\/2025\/09\/WhatsApp-Bild-2025-09-05-um-11.11.31_9b187b5d-462x1024.jpg\" alt=\"\" class=\"wp-image-849\" srcset=\"https:\/\/asomistelbach.ac.at\/asomi\/wp-content\/uploads\/2025\/09\/WhatsApp-Bild-2025-09-05-um-11.11.31_9b187b5d-462x1024.jpg 462w, https:\/\/asomistelbach.ac.at\/asomi\/wp-content\/uploads\/2025\/09\/WhatsApp-Bild-2025-09-05-um-11.11.31_9b187b5d-135x300.jpg 135w, https:\/\/asomistelbach.ac.at\/asomi\/wp-content\/uploads\/2025\/09\/WhatsApp-Bild-2025-09-05-um-11.11.31_9b187b5d-768x1704.jpg 768w, https:\/\/asomistelbach.ac.at\/asomi\/wp-content\/uploads\/2025\/09\/WhatsApp-Bild-2025-09-05-um-11.11.31_9b187b5d-692x1536.jpg 692w, https:\/\/asomistelbach.ac.at\/asomi\/wp-content\/uploads\/2025\/09\/WhatsApp-Bild-2025-09-05-um-11.11.31_9b187b5d.jpg 923w\" sizes=\"auto, (max-width: 462px) 100vw, 462px\" \/><\/figure>\n\n\n\n<figure class=\"wp-block-image size-large\"><img loading=\"lazy\" decoding=\"async\" width=\"462\" height=\"1024\" data-id=\"851\" src=\"https:\/\/asomistelbach.ac.at\/asomi\/wp-content\/uploads\/2025\/09\/WhatsApp-Bild-2025-09-05-um-11.11.31_e8f7761b-462x1024.jpg\" alt=\"\" class=\"wp-image-851\" srcset=\"https:\/\/asomistelbach.ac.at\/asomi\/wp-content\/uploads\/2025\/09\/WhatsApp-Bild-2025-09-05-um-11.11.31_e8f7761b-462x1024.jpg 462w, https:\/\/asomistelbach.ac.at\/asomi\/wp-content\/uploads\/2025\/09\/WhatsApp-Bild-2025-09-05-um-11.11.31_e8f7761b-135x300.jpg 135w, https:\/\/asomistelbach.ac.at\/asomi\/wp-content\/uploads\/2025\/09\/WhatsApp-Bild-2025-09-05-um-11.11.31_e8f7761b-768x1704.jpg 768w, https:\/\/asomistelbach.ac.at\/asomi\/wp-content\/uploads\/2025\/09\/WhatsApp-Bild-2025-09-05-um-11.11.31_e8f7761b-692x1536.jpg 692w, https:\/\/asomistelbach.ac.at\/asomi\/wp-content\/uploads\/2025\/09\/WhatsApp-Bild-2025-09-05-um-11.11.31_e8f7761b.jpg 923w\" sizes=\"auto, (max-width: 462px) 100vw, 462px\" \/><\/figure>\n\n\n\n<figure class=\"wp-block-image size-large\"><img loading=\"lazy\" decoding=\"async\" width=\"462\" height=\"1024\" data-id=\"853\" src=\"https:\/\/asomistelbach.ac.at\/asomi\/wp-content\/uploads\/2025\/09\/WhatsApp-Bild-2025-09-05-um-11.11.31_efe812e4-462x1024.jpg\" alt=\"\" class=\"wp-image-853\" srcset=\"https:\/\/asomistelbach.ac.at\/asomi\/wp-content\/uploads\/2025\/09\/WhatsApp-Bild-2025-09-05-um-11.11.31_efe812e4-462x1024.jpg 462w, https:\/\/asomistelbach.ac.at\/asomi\/wp-content\/uploads\/2025\/09\/WhatsApp-Bild-2025-09-05-um-11.11.31_efe812e4-135x300.jpg 135w, https:\/\/asomistelbach.ac.at\/asomi\/wp-content\/uploads\/2025\/09\/WhatsApp-Bild-2025-09-05-um-11.11.31_efe812e4-768x1704.jpg 768w, https:\/\/asomistelbach.ac.at\/asomi\/wp-content\/uploads\/2025\/09\/WhatsApp-Bild-2025-09-05-um-11.11.31_efe812e4-692x1536.jpg 692w, https:\/\/asomistelbach.ac.at\/asomi\/wp-content\/uploads\/2025\/09\/WhatsApp-Bild-2025-09-05-um-11.11.31_efe812e4.jpg 923w\" sizes=\"auto, (max-width: 462px) 100vw, 462px\" \/><\/figure>\n\n\n\n<figure class=\"wp-block-image size-large\"><img loading=\"lazy\" decoding=\"async\" width=\"462\" height=\"1024\" data-id=\"852\" src=\"https:\/\/asomistelbach.ac.at\/asomi\/wp-content\/uploads\/2025\/09\/WhatsApp-Bild-2025-09-05-um-11.11.31_f623b6c4-462x1024.jpg\" alt=\"\" class=\"wp-image-852\" srcset=\"https:\/\/asomistelbach.ac.at\/asomi\/wp-content\/uploads\/2025\/09\/WhatsApp-Bild-2025-09-05-um-11.11.31_f623b6c4-462x1024.jpg 462w, https:\/\/asomistelbach.ac.at\/asomi\/wp-content\/uploads\/2025\/09\/WhatsApp-Bild-2025-09-05-um-11.11.31_f623b6c4-135x300.jpg 135w, https:\/\/asomistelbach.ac.at\/asomi\/wp-content\/uploads\/2025\/09\/WhatsApp-Bild-2025-09-05-um-11.11.31_f623b6c4-768x1704.jpg 768w, https:\/\/asomistelbach.ac.at\/asomi\/wp-content\/uploads\/2025\/09\/WhatsApp-Bild-2025-09-05-um-11.11.31_f623b6c4-692x1536.jpg 692w, https:\/\/asomistelbach.ac.at\/asomi\/wp-content\/uploads\/2025\/09\/WhatsApp-Bild-2025-09-05-um-11.11.31_f623b6c4.jpg 923w\" sizes=\"auto, (max-width: 462px) 100vw, 462px\" \/><\/figure>\n<\/figure>\n\n\n\n<p>Vor dem langen R\u00fcckmarsch enterten wir noch die Spielger\u00e4t am Waldspielplatz.<\/p>\n\n\n\n<p>Nach einem mehr als gesamt 10 km langen Fu\u00dfmarsch hatten wir, zur\u00fcck bei der Schule, mehr als<\/p>\n\n\n\n<p>15 000 Schritte zur\u00fcckgelegt.<\/p>\n\n\n\n<p>(Sch\u00fclerInnen der 1B)<\/p>\n","protected":false},"excerpt":{"rendered":"<p>Ausflug der 1 AB in den Mistelbacher Stadtwald am 4. September<\/p>\n","protected":false},"author":1,"featured_media":854,"comment_status":"closed","ping_status":"closed","sticky":false,"template":"","format":"standard","meta":{"footnotes":""},"categories":[1],"tags":[],"class_list":["post-840","post","type-post","status-publish","format-standard","has-post-thumbnail","hentry","category-allgemein","latest_post"],"_links":{"self":[{"href":"https:\/\/asomistelbach.ac.at\/asomi\/wp-json\/wp\/v2\/posts\/840","targetHints":{"allow":["GET"]}}],"collection":[{"href":"https:\/\/asomistelbach.ac.at\/asomi\/wp-json\/wp\/v2\/posts"}],"about":[{"href":"https:\/\/asomistelbach.ac.at\/asomi\/wp-json\/wp\/v2\/types\/post"}],"author":[{"embeddable":true,"href":"https:\/\/asomistelbach.ac.at\/asomi\/wp-json\/wp\/v2\/users\/1"}],"replies":[{"embeddable":true,"href":"https:\/\/asomistelbach.ac.at\/asomi\/wp-json\/wp\/v2\/comments?post=840"}],"version-history":[{"count":1,"href":"https:\/\/asomistelbach.ac.at\/asomi\/wp-json\/wp\/v2\/posts\/840\/revisions"}],"predecessor-version":[{"id":855,"href":"https:\/\/asomistelbach.ac.at\/asomi\/wp-json\/wp\/v2\/posts\/840\/revisions\/855"}],"wp:featuredmedia":[{"embeddable":true,"href":"https:\/\/asomistelbach.ac.at\/asomi\/wp-json\/wp\/v2\/media\/854"}],"wp:attachment":[{"href":"https:\/\/asomistelbach.ac.at\/asomi\/wp-json\/wp\/v2\/media?parent=840"}],"wp:term":[{"taxonomy":"category","embeddable":true,"href":"https:\/\/asomistelbach.ac.at\/asomi\/wp-json\/wp\/v2\/categories?post=840"},{"taxonomy":"post_tag","embeddable":true,"href":"https:\/\/asomistelbach.ac.at\/asomi\/wp-json\/wp\/v2\/tags?post=840"}],"curies":[{"name":"wp","href":"https:\/\/api.w.org\/{rel}","templated":true}]}}